{"id":930,"date":"2018-12-04T13:10:20","date_gmt":"2018-12-04T19:10:20","guid":{"rendered":"https:\/\/www.itei.org.mx\/v3\/micrositios\/cdc\/?p=930"},"modified":"2020-06-22T14:56:02","modified_gmt":"2020-06-22T19:56:02","slug":"la-importancia-de-una-declaratoria-de-inexistencia-de-informacion-y-del-analisis-entre-seguridad-e-interes-publico","status":"publish","type":"post","link":"https:\/\/www.itei.org.mx\/v3\/micrositios\/cdc\/la-importancia-de-una-declaratoria-de-inexistencia-de-informacion-y-del-analisis-entre-seguridad-e-interes-publico\/","title":{"rendered":"La importancia de una declaratoria de inexistencia de informaci\u00f3n y del an\u00e1lisis entre seguridad e inter\u00e9s p\u00fablico"},"content":{"rendered":"<p>El presente ensayo presenta los argumentos planteados por el \u00f3rgano garante de Michoac\u00e1n en la resoluci\u00f3n de un caso en donde el derecho de acceso a la informaci\u00f3n fue violentado al no emitir debidamente la declaratoria de inexistencia como marca la Ley. De igual forma, explica cu\u00e1l fue el criterio ante una solicitud de informaci\u00f3n referente a temas de seguridad, decidiendo si la informaci\u00f3n podr\u00eda ser clasificada como confidencial o reservada, tomando en cuenta aspectos de la legislaci\u00f3n, pero tambi\u00e9n de la Comisi\u00f3n Interamericana de Derechos Humanos.<\/p>\n<p><a href=\"https:\/\/www.itei.org.mx\/v3\/micrositios\/cdc\/wp-content\/uploads\/2020\/04\/8_2018_6_ayala.pdf\" target=\"_blank\" rel=\"noopener noreferrer\"><i class=\"fas fa-file-download\"><\/i> Descargar art\u00edculo completo<\/a><\/p>\n","protected":false},"excerpt":{"rendered":"<p>El presente ensayo presenta los argumentos planteados por el \u00f3rgano garante de Michoac\u00e1n en la resoluci\u00f3n de un caso en donde el derecho de acceso a la informaci\u00f3n fue violentado al no emitir debidamente la declaratoria de inexistencia como marca la Ley. De igual forma, explica cu\u00e1l fue el criterio ante una solicitud de informaci\u00f3n referente a temas de seguridad, decidiendo si la informaci\u00f3n podr\u00eda ser clasificada como confidencial o reservada, tomando en cuenta aspectos de la legislaci\u00f3n, pero tambi\u00e9n de la Comisi\u00f3n Interamericana de Derechos Humanos.<\/p>\n","protected":false},"author":58,"featured_media":1139,"comment_status":"open","ping_status":"open","sticky":false,"template":"","format":"standard","meta":[],"categories":[88],"tags":[149,243,244,245,158],"_links":{"self":[{"href":"https:\/\/www.itei.org.mx\/v3\/micrositios\/cdc\/wp-json\/wp\/v2\/posts\/930"}],"collection":[{"href":"https:\/\/www.itei.org.mx\/v3\/micrositios\/cdc\/wp-json\/wp\/v2\/posts"}],"about":[{"href":"https:\/\/www.itei.org.mx\/v3\/micrositios\/cdc\/wp-json\/wp\/v2\/types\/post"}],"author":[{"embeddable":true,"href":"https:\/\/www.itei.org.mx\/v3\/micrositios\/cdc\/wp-json\/wp\/v2\/users\/58"}],"replies":[{"embeddable":true,"href":"https:\/\/www.itei.org.mx\/v3\/micrositios\/cdc\/wp-json\/wp\/v2\/comments?post=930"}],"version-history":[{"count":3,"href":"https:\/\/www.itei.org.mx\/v3\/micrositios\/cdc\/wp-json\/wp\/v2\/posts\/930\/revisions"}],"predecessor-version":[{"id":1141,"href":"https:\/\/www.itei.org.mx\/v3\/micrositios\/cdc\/wp-json\/wp\/v2\/posts\/930\/revisions\/1141"}],"wp:featuredmedia":[{"embeddable":true,"href":"https:\/\/www.itei.org.mx\/v3\/micrositios\/cdc\/wp-json\/wp\/v2\/media\/1139"}],"wp:attachment":[{"href":"https:\/\/www.itei.org.mx\/v3\/micrositios\/cdc\/wp-json\/wp\/v2\/media?parent=930"}],"wp:term":[{"taxonomy":"category","embeddable":true,"href":"https:\/\/www.itei.org.mx\/v3\/micrositios\/cdc\/wp-json\/wp\/v2\/categories?post=930"},{"taxonomy":"post_tag","embeddable":true,"href":"https:\/\/www.itei.org.mx\/v3\/micrositios\/cdc\/wp-json\/wp\/v2\/tags?post=930"}],"curies":[{"name":"wp","href":"https:\/\/api.w.org\/{rel}","templated":true}]}}