{"id":921,"date":"2018-12-04T12:55:40","date_gmt":"2018-12-04T18:55:40","guid":{"rendered":"https:\/\/www.itei.org.mx\/v3\/micrositios\/cdc\/?p=921"},"modified":"2020-06-22T15:24:03","modified_gmt":"2020-06-22T20:24:03","slug":"veracruz-primer-organo-garante-en-actuar-de-oficio-ante-vulneracion-de-datos-personales-bajo-la-nueva-normatividad-en-la-materia","status":"publish","type":"post","link":"https:\/\/www.itei.org.mx\/v3\/micrositios\/cdc\/veracruz-primer-organo-garante-en-actuar-de-oficio-ante-vulneracion-de-datos-personales-bajo-la-nueva-normatividad-en-la-materia\/","title":{"rendered":"Veracruz primer \u00f3rgano garante en actuar de oficio ante vulneraci\u00f3n de datos personales, bajo la nueva normatividad en la materia"},"content":{"rendered":"<p>El \u00f3rgano garante de Veracruz resolvi\u00f3 un asunto relacionado con un procedimiento de denuncia por vulneraci\u00f3n de datos personales que se volvi\u00f3 el primero en su clase, pues ning\u00fan otro organismo hab\u00eda emitido uno de este tipo.<\/p>\n<p>A pesar del desistimiento del ciudadano que present\u00f3 la denuncia, el Pleno determin\u00f3 que, con base en la propia ley de protecci\u00f3n de datos personales, tiene la atribuci\u00f3n de iniciar este tipo de procedimientos de oficio; puesto que ya ten\u00eda el conocimiento de la presunci\u00f3n de una posible vulneraci\u00f3n a datos personales pod\u00eda iniciar o continuar oficiosamente la investigaci\u00f3n. Lo que concluyo en la presentaci\u00f3n de una denuncia y se orden\u00f3 la implementaci\u00f3n de medidas de seguridad.<\/p>\n<p><a href=\"https:\/\/www.itei.org.mx\/v3\/micrositios\/cdc\/wp-content\/uploads\/2020\/04\/8_2018_3_garcia.pdf\" target=\"_blank\" rel=\"noopener noreferrer\"><i class=\"fas fa-file-download\"><\/i> Descargar art\u00edculo completo<\/a><\/p>\n","protected":false},"excerpt":{"rendered":"<p>El \u00f3rgano garante de Veracruz resolvi\u00f3 un asunto relacionado con un procedimiento de denuncia por vulneraci\u00f3n de datos personales que se volvi\u00f3 el primero en su clase, pues ning\u00fan otro organismo hab\u00eda emitido uno de este tipo.<\/p>\n","protected":false},"author":53,"featured_media":1146,"comment_status":"open","ping_status":"open","sticky":false,"template":"","format":"standard","meta":[],"categories":[88],"tags":[229,233,158,236,234,235],"_links":{"self":[{"href":"https:\/\/www.itei.org.mx\/v3\/micrositios\/cdc\/wp-json\/wp\/v2\/posts\/921"}],"collection":[{"href":"https:\/\/www.itei.org.mx\/v3\/micrositios\/cdc\/wp-json\/wp\/v2\/posts"}],"about":[{"href":"https:\/\/www.itei.org.mx\/v3\/micrositios\/cdc\/wp-json\/wp\/v2\/types\/post"}],"author":[{"embeddable":true,"href":"https:\/\/www.itei.org.mx\/v3\/micrositios\/cdc\/wp-json\/wp\/v2\/users\/53"}],"replies":[{"embeddable":true,"href":"https:\/\/www.itei.org.mx\/v3\/micrositios\/cdc\/wp-json\/wp\/v2\/comments?post=921"}],"version-history":[{"count":2,"href":"https:\/\/www.itei.org.mx\/v3\/micrositios\/cdc\/wp-json\/wp\/v2\/posts\/921\/revisions"}],"predecessor-version":[{"id":1147,"href":"https:\/\/www.itei.org.mx\/v3\/micrositios\/cdc\/wp-json\/wp\/v2\/posts\/921\/revisions\/1147"}],"wp:featuredmedia":[{"embeddable":true,"href":"https:\/\/www.itei.org.mx\/v3\/micrositios\/cdc\/wp-json\/wp\/v2\/media\/1146"}],"wp:attachment":[{"href":"https:\/\/www.itei.org.mx\/v3\/micrositios\/cdc\/wp-json\/wp\/v2\/media?parent=921"}],"wp:term":[{"taxonomy":"category","embeddable":true,"href":"https:\/\/www.itei.org.mx\/v3\/micrositios\/cdc\/wp-json\/wp\/v2\/categories?post=921"},{"taxonomy":"post_tag","embeddable":true,"href":"https:\/\/www.itei.org.mx\/v3\/micrositios\/cdc\/wp-json\/wp\/v2\/tags?post=921"}],"curies":[{"name":"wp","href":"https:\/\/api.w.org\/{rel}","templated":true}]}}