{"id":852,"date":"2015-12-04T14:53:40","date_gmt":"2015-12-04T20:53:40","guid":{"rendered":"https:\/\/www.itei.org.mx\/v3\/micrositios\/cdc\/?p=852"},"modified":"2020-06-22T13:48:05","modified_gmt":"2020-06-22T18:48:05","slug":"mas-que-un-articulo-una-relacion-la-trascendencia-del-articulo-6o-constitucional","status":"publish","type":"post","link":"https:\/\/www.itei.org.mx\/v3\/micrositios\/cdc\/mas-que-un-articulo-una-relacion-la-trascendencia-del-articulo-6o-constitucional\/","title":{"rendered":"M\u00e1s que un art\u00edculo, una relaci\u00f3n\u2026  La trascendencia del art\u00edculo 6\u00ba constitucional"},"content":{"rendered":"<p>El presente art\u00edculo pretende analizar, en el marco del estudio del art\u00edculo 6\u00ba constitucional, la relaci\u00f3n entre los medios de comunicaci\u00f3n y el fundamento normativo b\u00e1sico del derecho de acceso a la informaci\u00f3n p\u00fablica en M\u00e9xico, lo cual no puede hacerse de forma unidimensional, ya que en dicha relaci\u00f3n se est\u00e1n presentes obligaciones y funciones del Estado y garant\u00edas ciudadanas, que requieren un panorama amplio de interpretaci\u00f3n.<\/p>\n<p><a href=\"https:\/\/www.itei.org.mx\/v3\/micrositios\/cdc\/wp-content\/uploads\/2020\/04\/4_2015_6_vazquez.pdf\" target=\"_blank\" rel=\"noopener noreferrer\"><i class=\"fas fa-file-download\"><\/i> Descargar art\u00edculo completo<\/a><\/p>\n","protected":false},"excerpt":{"rendered":"<p>El presente art\u00edculo pretende analizar, en el marco del estudio del art\u00edculo 6\u00ba constitucional, la relaci\u00f3n entre los medios de comunicaci\u00f3n y el fundamento normativo b\u00e1sico del derecho de acceso a la informaci\u00f3n p\u00fablica en M\u00e9xico, lo cual no puede hacerse de forma unidimensional, ya que en dicha relaci\u00f3n se est\u00e1n presentes obligaciones y funciones del Estado y garant\u00edas ciudadanas, que requieren un panorama amplio de interpretaci\u00f3n.<\/p>\n","protected":false},"author":30,"featured_media":1104,"comment_status":"open","ping_status":"open","sticky":false,"template":"","format":"standard","meta":[],"categories":[84],"tags":[160,161,114,109],"_links":{"self":[{"href":"https:\/\/www.itei.org.mx\/v3\/micrositios\/cdc\/wp-json\/wp\/v2\/posts\/852"}],"collection":[{"href":"https:\/\/www.itei.org.mx\/v3\/micrositios\/cdc\/wp-json\/wp\/v2\/posts"}],"about":[{"href":"https:\/\/www.itei.org.mx\/v3\/micrositios\/cdc\/wp-json\/wp\/v2\/types\/post"}],"author":[{"embeddable":true,"href":"https:\/\/www.itei.org.mx\/v3\/micrositios\/cdc\/wp-json\/wp\/v2\/users\/30"}],"replies":[{"embeddable":true,"href":"https:\/\/www.itei.org.mx\/v3\/micrositios\/cdc\/wp-json\/wp\/v2\/comments?post=852"}],"version-history":[{"count":2,"href":"https:\/\/www.itei.org.mx\/v3\/micrositios\/cdc\/wp-json\/wp\/v2\/posts\/852\/revisions"}],"predecessor-version":[{"id":1105,"href":"https:\/\/www.itei.org.mx\/v3\/micrositios\/cdc\/wp-json\/wp\/v2\/posts\/852\/revisions\/1105"}],"wp:featuredmedia":[{"embeddable":true,"href":"https:\/\/www.itei.org.mx\/v3\/micrositios\/cdc\/wp-json\/wp\/v2\/media\/1104"}],"wp:attachment":[{"href":"https:\/\/www.itei.org.mx\/v3\/micrositios\/cdc\/wp-json\/wp\/v2\/media?parent=852"}],"wp:term":[{"taxonomy":"category","embeddable":true,"href":"https:\/\/www.itei.org.mx\/v3\/micrositios\/cdc\/wp-json\/wp\/v2\/categories?post=852"},{"taxonomy":"post_tag","embeddable":true,"href":"https:\/\/www.itei.org.mx\/v3\/micrositios\/cdc\/wp-json\/wp\/v2\/tags?post=852"}],"curies":[{"name":"wp","href":"https:\/\/api.w.org\/{rel}","templated":true}]}}